{"id":25650,"date":"2025-08-11T17:00:00","date_gmt":"2025-08-11T16:00:00","guid":{"rendered":"https:\/\/www.nationalparks.ie\/?p=25650"},"modified":"2025-08-11T09:44:48","modified_gmt":"2025-08-11T08:44:48","slug":"heritage-week-2025","status":"publish","type":"post","link":"https:\/\/www.nationalparks.ie\/ga\/glenveagh\/heritage-week-2025\/","title":{"rendered":"Heritage Week 2025"},"content":{"rendered":"\n<p>Beidh r\u00e9imse gn\u00edomha\u00edochta\u00ed sp\u00e9isi\u00fala agus spra\u00ed\u00fala ar si\u00fal againn a mbainfidh t\u00fa sult astu chun Seachtain na hOidhreachta 2025 a cheili\u00faradh.<\/p>\n\n\n\n<p>Chomh maith leis na himeachta\u00ed seo, beidh \u00e1r ngn\u00e1thsheirbh\u00eds bus tointe\u00e1la agus \u00e1r dturais f\u00e9intreoraithe den chaisle\u00e1n (faoi r\u00e9ir iad a bheith ar f\u00e1il ar an l\u00e1) saor in aisce \u00f3n Satharn an 16 L\u00fanasa &#8211; an Domhnach an 24 L\u00fanasa.<\/p>\n\n\n\n<p>Tabhair ar aird go mbeidh an caisle\u00e1n d\u00fanta D\u00e9 Luain an 18 L\u00fanasa agus D\u00e9 hAoine an 22 L\u00fanasa.<\/p>\n\n\n\n<p>To celebrate Heritage Week 2025 we have a series of fascinating and fun activities lined up for your enjoyment.<\/p>\n\n\n\n<p>In addition to these events, our regular shuttle bus service and self-guided castle tours (subject to availability on the day) will be free of charge from Saturday 16<sup>th<\/sup> \u2013 Sunday 24<sup>th<\/sup> August.<\/p>\n\n\n\n<p>Please note the castle will be closed on Monday 18<sup>th<\/sup> and Friday 22<sup>nd<\/sup> August.<\/p>\n\n\n\n<h3 class=\"wp-block-heading\">All week:<\/h3>\n\n\n\n<hr class=\"wp-block-separator has-alpha-channel-opacity\"\/>\n\n\n\n<p>Nature Games and Fun in An Foscadh M\u00f3r<\/p>\n\n\n\n<p>Find our new outdoor event space, An Foscadh M\u00f3r as you head along the Lakeside Trail and stop by to enjoy the new views and our handcrafted activities for all ages. During Heritage Week we\u2019ll have lots of nature education goodies and resources available for families to take away.<\/p>\n\n\n\n<h3 class=\"wp-block-heading\">Saturday 16<sup>th<\/sup> Aug<\/h3>\n\n\n\n<hr class=\"wp-block-separator has-alpha-channel-opacity\"\/>\n\n\n\n<p><strong>13.00-16.00<\/strong> Traditional Irish music in the Orangery at Glenveagh Castle<\/p>\n\n\n\n<p><strong>10.00-16.00<\/strong> Willow basket weaving demonstration with local basket-maker, Brendan Farren. Glenveagh National Park Visitor Centre<\/p>\n\n\n\n<p><em>Free events. No booking required.<\/em><\/p>\n\n\n\n<h3 class=\"wp-block-heading\">Sunday 17<sup>th<\/sup> Aug<\/h3>\n\n\n\n<hr class=\"wp-block-separator has-alpha-channel-opacity\"\/>\n\n\n\n<p><strong>13.00-16.00<\/strong> Traditional Irish music in the Orangery at Glenveagh Castle.<\/p>\n\n\n\n<p><strong>13.00-15.00<\/strong> Traditional Irish Dancing performance at Glenveagh Castle.<\/p>\n\n\n\n<p><em>Free events. No booking required.<\/em><\/p>\n\n\n\n<h3 class=\"wp-block-heading\">Wednesday 20<sup>th<\/sup> Aug<\/h3>\n\n\n\n<hr class=\"wp-block-separator has-alpha-channel-opacity\"\/>\n\n\n\n<p><strong>13.00-16.00<\/strong> Traditional Irish music in the Orangery at Glenveagh Castle.<\/p>\n\n\n\n<p><em>Free event. No booking required<\/em><\/p>\n\n\n\n<p><strong>10.30-12.30<\/strong> and <strong>14.30-16.30<\/strong> Weaving Workshops with Siobh\u00e1n N\u00ed Ghallch\u00f3ir at Glenveagh Castle.<\/p>\n\n\n\n<p>Learn the basics of weaving in this practical workshop for children and make a small coaster to take home.<\/p>\n\n\n\n<p><em>Free event. Booking required. All children must be accompanied by an adult.<\/em><\/p>\n\n\n\n<p>Please email <a href=\"mailto:glenveaghbookings@npws.gov.ie\">glenveaghbookings@npws.gov.ie<\/a> to reserve your space.<\/p>\n\n\n\n<h3 class=\"wp-block-heading\">Thursday 21<sup>st<\/sup> Aug<\/h3>\n\n\n\n<hr class=\"wp-block-separator has-alpha-channel-opacity\"\/>\n\n\n\n<p><strong>10.00-16.00<\/strong> Wood carving demonstration in the Orangery at Glenveagh Castle with local Donegal woodcarver, Patrick Sweeney.<\/p>\n\n\n\n<p><em>Free event. No booking required<\/em><\/p>\n\n\n\n<p><strong>10.00-16.30<\/strong> Leave No Trace Awareness Course, Gartan Outdoor Education and Training Centre<\/p>\n\n\n\n<p>For more information and to book this free event check out our website \u2013 \u201c<a href=\"https:\/\/www.nationalparks.ie\/glenveagh\/things-to-do\/events\/\">Things To Do \/ Summer Events<\/a>\u201d<\/p>\n\n\n\n<h3 class=\"wp-block-heading\">Friday 22nd Aug<\/h3>\n\n\n\n<hr class=\"wp-block-separator has-alpha-channel-opacity\"\/>\n\n\n\n<p><strong>10.00-16.00 <\/strong>Wood carving demonstration in the Orangery at Glenveagh Castle with local Donegal woodcarver, Patrick Sweeney<\/p>\n\n\n\n<p><em>Free event. No booking required<\/em><\/p>\n\n\n\n<p><strong>11.00-13.00<\/strong> Robert Vaughan Wildlife Art Workshop, Bridge House Education Centre<\/p>\n\n\n\n<p>For more information and to book this free event check out our website \u2013 \u201c<a href=\"https:\/\/www.nationalparks.ie\/glenveagh\/things-to-do\/events\/\">Things To Do \/ Summer Events<\/a>\u201d<\/p>\n\n\n\n<p><strong>15.30<\/strong> Cello and Piano in the Park, at An Foscadh M\u00f3r<\/p>\n\n\n\n<p><em>Free event. No booking required.<\/em><\/p>\n\n\n\n<h3 class=\"wp-block-heading\">Saturday 23<sup>rd<\/sup> Aug<\/h3>\n\n\n\n<hr class=\"wp-block-separator has-alpha-channel-opacity\"\/>\n\n\n\n<p><strong>10.00-16.00<\/strong> Wood carving demonstration in the Orangery at Glenveagh Castle with local Donegal woodcarver, Patrick Sweeney<\/p>\n\n\n\n<p><strong>13.00-16.00<\/strong> Traditional Irish music in the Orangery at Glenveagh Castle.<\/p>\n\n\n\n<p><strong>14.00-16.00<\/strong> Donegal&#8217;s Early Natural Historians &#8211; A talk to celebrate 100 years of the Irish Naturalists\u2019 Journal with Conservation Ranger, Emer Magee. Glenveagh National Park Visitor Centre<\/p>\n\n\n\n<p>For more information on this talk, visit the <a href=\"https:\/\/www.heritageweek.ie\/event-listings\/donegals-natural-historians-1850-1950\" target=\"_blank\" rel=\"noreferrer noopener\">Heritage Week website<\/a>.<\/p>\n\n\n\n<p><em>Free events. No booking required<\/em><\/p>\n\n\n\n<h3 class=\"wp-block-heading\">Sunday 24<sup>th<\/sup> Aug<\/h3>\n\n\n\n<hr class=\"wp-block-separator has-alpha-channel-opacity\"\/>\n\n\n\n<p><strong>13.00-16.00<\/strong> Traditional Irish music in the Orangery at Glenveagh Castle<\/p>\n\n\n\n<p><strong>13.00-15.00<\/strong> Traditional Irish dancing performance at Glenveagh Castle<\/p>\n\n\n\n<p><em>Free events. No booking required<\/em><\/p>\n","protected":false},"excerpt":{"rendered":"<p>To celebrate Heritage Week 2025 we have a series of fascinating and fun activities lined up for your enjoyment.<\/p>\n","protected":false},"author":11,"featured_media":25651,"comment_status":"closed","ping_status":"closed","sticky":false,"template":"","format":"standard","meta":{"_acf_changed":false,"_uag_custom_page_level_css":"","footnotes":""},"categories":[16],"tags":[],"class_list":["post-25650","post","type-post","status-publish","format-standard","has-post-thumbnail","hentry","category-glenveagh"],"acf":[],"yoast_head":"<!-- This site is optimized with the Yoast SEO plugin v27.5 - https:\/\/yoast.com\/product\/yoast-seo-wordpress\/ -->\n<title>Heritage Week 2025 - National Parks of Ireland<\/title>\n<meta name=\"robots\" content=\"index, follow, max-snippet:-1, max-image-preview:large, max-video-preview:-1\" \/>\n<link rel=\"canonical\" href=\"https:\/\/www.nationalparks.ie\/ga\/glenveagh\/heritage-week-2025\/\" \/>\n<meta property=\"og:locale\" content=\"ga_IE\" \/>\n<meta property=\"og:type\" content=\"article\" \/>\n<meta property=\"og:title\" content=\"Heritage Week 2025 - National Parks of Ireland\" \/>\n<meta property=\"og:description\" content=\"To celebrate Heritage Week 2025 we have a series of fascinating and fun activities lined up for your enjoyment.\" \/>\n<meta property=\"og:url\" content=\"https:\/\/www.nationalparks.ie\/ga\/glenveagh\/heritage-week-2025\/\" \/>\n<meta property=\"og:site_name\" content=\"National Parks of Ireland\" \/>\n<meta property=\"article:published_time\" content=\"2025-08-11T16:00:00+00:00\" \/>\n<meta property=\"og:image\" content=\"https:\/\/www.nationalparks.ie\/app\/uploads\/2025\/08\/heritage-week-2025.png\" \/>\n\t<meta property=\"og:image:width\" content=\"1080\" \/>\n\t<meta property=\"og:image:height\" content=\"1080\" \/>\n\t<meta property=\"og:image:type\" content=\"image\/png\" \/>\n<meta name=\"author\" content=\"Bobby Lockwood\" \/>\n<meta name=\"twitter:card\" content=\"summary_large_image\" \/>\n<meta name=\"twitter:label1\" content=\"Written by\" \/>\n\t<meta name=\"twitter:data1\" content=\"Bobby Lockwood\" \/>\n\t<meta name=\"twitter:label2\" content=\"Est. reading time\" \/>\n\t<meta name=\"twitter:data2\" content=\"3 minutes\" \/>\n<script type=\"application\/ld+json\" class=\"yoast-schema-graph\">{\"@context\":\"https:\\\/\\\/schema.org\",\"@graph\":[{\"@type\":\"Article\",\"@id\":\"https:\\\/\\\/www.nationalparks.ie\\\/ga\\\/glenveagh\\\/heritage-week-2025\\\/#article\",\"isPartOf\":{\"@id\":\"https:\\\/\\\/www.nationalparks.ie\\\/ga\\\/glenveagh\\\/heritage-week-2025\\\/\"},\"author\":{\"name\":\"Bobby Lockwood\",\"@id\":\"https:\\\/\\\/www.nationalparks.ie\\\/ga\\\/#\\\/schema\\\/person\\\/6af3b5209adea752c4dc861102ce2d5c\"},\"headline\":\"Heritage Week 2025\",\"datePublished\":\"2025-08-11T16:00:00+00:00\",\"mainEntityOfPage\":{\"@id\":\"https:\\\/\\\/www.nationalparks.ie\\\/ga\\\/glenveagh\\\/heritage-week-2025\\\/\"},\"wordCount\":576,\"publisher\":{\"@id\":\"https:\\\/\\\/www.nationalparks.ie\\\/ga\\\/#organization\"},\"image\":{\"@id\":\"https:\\\/\\\/www.nationalparks.ie\\\/ga\\\/glenveagh\\\/heritage-week-2025\\\/#primaryimage\"},\"thumbnailUrl\":\"https:\\\/\\\/www.nationalparks.ie\\\/app\\\/uploads\\\/2025\\\/08\\\/heritage-week-2025.png\",\"articleSection\":[\"Glenveagh National Park\"],\"inLanguage\":\"ga-IE\"},{\"@type\":\"WebPage\",\"@id\":\"https:\\\/\\\/www.nationalparks.ie\\\/ga\\\/glenveagh\\\/heritage-week-2025\\\/\",\"url\":\"https:\\\/\\\/www.nationalparks.ie\\\/ga\\\/glenveagh\\\/heritage-week-2025\\\/\",\"name\":\"Heritage Week 2025 - National Parks of Ireland\",\"isPartOf\":{\"@id\":\"https:\\\/\\\/www.nationalparks.ie\\\/ga\\\/#website\"},\"primaryImageOfPage\":{\"@id\":\"https:\\\/\\\/www.nationalparks.ie\\\/ga\\\/glenveagh\\\/heritage-week-2025\\\/#primaryimage\"},\"image\":{\"@id\":\"https:\\\/\\\/www.nationalparks.ie\\\/ga\\\/glenveagh\\\/heritage-week-2025\\\/#primaryimage\"},\"thumbnailUrl\":\"https:\\\/\\\/www.nationalparks.ie\\\/app\\\/uploads\\\/2025\\\/08\\\/heritage-week-2025.png\",\"datePublished\":\"2025-08-11T16:00:00+00:00\",\"breadcrumb\":{\"@id\":\"https:\\\/\\\/www.nationalparks.ie\\\/ga\\\/glenveagh\\\/heritage-week-2025\\\/#breadcrumb\"},\"inLanguage\":\"ga-IE\",\"potentialAction\":[{\"@type\":\"ReadAction\",\"target\":[\"https:\\\/\\\/www.nationalparks.ie\\\/ga\\\/glenveagh\\\/heritage-week-2025\\\/\"]}]},{\"@type\":\"ImageObject\",\"inLanguage\":\"ga-IE\",\"@id\":\"https:\\\/\\\/www.nationalparks.ie\\\/ga\\\/glenveagh\\\/heritage-week-2025\\\/#primaryimage\",\"url\":\"https:\\\/\\\/www.nationalparks.ie\\\/app\\\/uploads\\\/2025\\\/08\\\/heritage-week-2025.png\",\"contentUrl\":\"https:\\\/\\\/www.nationalparks.ie\\\/app\\\/uploads\\\/2025\\\/08\\\/heritage-week-2025.png\",\"width\":1080,\"height\":1080,\"caption\":\"Heritage Week 2025\"},{\"@type\":\"BreadcrumbList\",\"@id\":\"https:\\\/\\\/www.nationalparks.ie\\\/ga\\\/glenveagh\\\/heritage-week-2025\\\/#breadcrumb\",\"itemListElement\":[{\"@type\":\"ListItem\",\"position\":1,\"name\":\"Home\",\"item\":\"https:\\\/\\\/www.nationalparks.ie\\\/ga\\\/\"},{\"@type\":\"ListItem\",\"position\":2,\"name\":\"Heritage Week 2025\"}]},{\"@type\":\"WebSite\",\"@id\":\"https:\\\/\\\/www.nationalparks.ie\\\/ga\\\/#website\",\"url\":\"https:\\\/\\\/www.nationalparks.ie\\\/ga\\\/\",\"name\":\"National Parks of Ireland\",\"description\":\"Where Nature Speaks\",\"publisher\":{\"@id\":\"https:\\\/\\\/www.nationalparks.ie\\\/ga\\\/#organization\"},\"potentialAction\":[{\"@type\":\"SearchAction\",\"target\":{\"@type\":\"EntryPoint\",\"urlTemplate\":\"https:\\\/\\\/www.nationalparks.ie\\\/ga\\\/?s={search_term_string}\"},\"query-input\":{\"@type\":\"PropertyValueSpecification\",\"valueRequired\":true,\"valueName\":\"search_term_string\"}}],\"inLanguage\":\"ga-IE\"},{\"@type\":\"Organization\",\"@id\":\"https:\\\/\\\/www.nationalparks.ie\\\/ga\\\/#organization\",\"name\":\"National Parks of Ireland\",\"url\":\"https:\\\/\\\/www.nationalparks.ie\\\/ga\\\/\",\"logo\":{\"@type\":\"ImageObject\",\"inLanguage\":\"ga-IE\",\"@id\":\"https:\\\/\\\/www.nationalparks.ie\\\/ga\\\/#\\\/schema\\\/logo\\\/image\\\/\",\"url\":\"https:\\\/\\\/www.nationalparks.ie\\\/app\\\/uploads\\\/2022\\\/02\\\/np-logo-icon.png\",\"contentUrl\":\"https:\\\/\\\/www.nationalparks.ie\\\/app\\\/uploads\\\/2022\\\/02\\\/np-logo-icon.png\",\"width\":97,\"height\":90,\"caption\":\"National Parks of Ireland\"},\"image\":{\"@id\":\"https:\\\/\\\/www.nationalparks.ie\\\/ga\\\/#\\\/schema\\\/logo\\\/image\\\/\"}},{\"@type\":\"Person\",\"@id\":\"https:\\\/\\\/www.nationalparks.ie\\\/ga\\\/#\\\/schema\\\/person\\\/6af3b5209adea752c4dc861102ce2d5c\",\"name\":\"Bobby Lockwood\"}]}<\/script>\n<!-- \/ Yoast SEO plugin. -->","yoast_head_json":{"title":"Heritage Week 2025 - National Parks of Ireland","robots":{"index":"index","follow":"follow","max-snippet":"max-snippet:-1","max-image-preview":"max-image-preview:large","max-video-preview":"max-video-preview:-1"},"canonical":"https:\/\/www.nationalparks.ie\/ga\/glenveagh\/heritage-week-2025\/","og_locale":"ga_IE","og_type":"article","og_title":"Heritage Week 2025 - National Parks of Ireland","og_description":"To celebrate Heritage Week 2025 we have a series of fascinating and fun activities lined up for your enjoyment.","og_url":"https:\/\/www.nationalparks.ie\/ga\/glenveagh\/heritage-week-2025\/","og_site_name":"National Parks of Ireland","article_published_time":"2025-08-11T16:00:00+00:00","og_image":[{"width":1080,"height":1080,"url":"https:\/\/www.nationalparks.ie\/app\/uploads\/2025\/08\/heritage-week-2025.png","type":"image\/png"}],"author":"Bobby Lockwood","twitter_card":"summary_large_image","twitter_misc":{"Written by":"Bobby Lockwood","Est. reading time":"3 minutes"},"schema":{"@context":"https:\/\/schema.org","@graph":[{"@type":"Article","@id":"https:\/\/www.nationalparks.ie\/ga\/glenveagh\/heritage-week-2025\/#article","isPartOf":{"@id":"https:\/\/www.nationalparks.ie\/ga\/glenveagh\/heritage-week-2025\/"},"author":{"name":"Bobby Lockwood","@id":"https:\/\/www.nationalparks.ie\/ga\/#\/schema\/person\/6af3b5209adea752c4dc861102ce2d5c"},"headline":"Heritage Week 2025","datePublished":"2025-08-11T16:00:00+00:00","mainEntityOfPage":{"@id":"https:\/\/www.nationalparks.ie\/ga\/glenveagh\/heritage-week-2025\/"},"wordCount":576,"publisher":{"@id":"https:\/\/www.nationalparks.ie\/ga\/#organization"},"image":{"@id":"https:\/\/www.nationalparks.ie\/ga\/glenveagh\/heritage-week-2025\/#primaryimage"},"thumbnailUrl":"https:\/\/www.nationalparks.ie\/app\/uploads\/2025\/08\/heritage-week-2025.png","articleSection":["Glenveagh National Park"],"inLanguage":"ga-IE"},{"@type":"WebPage","@id":"https:\/\/www.nationalparks.ie\/ga\/glenveagh\/heritage-week-2025\/","url":"https:\/\/www.nationalparks.ie\/ga\/glenveagh\/heritage-week-2025\/","name":"Heritage Week 2025 - National Parks of Ireland","isPartOf":{"@id":"https:\/\/www.nationalparks.ie\/ga\/#website"},"primaryImageOfPage":{"@id":"https:\/\/www.nationalparks.ie\/ga\/glenveagh\/heritage-week-2025\/#primaryimage"},"image":{"@id":"https:\/\/www.nationalparks.ie\/ga\/glenveagh\/heritage-week-2025\/#primaryimage"},"thumbnailUrl":"https:\/\/www.nationalparks.ie\/app\/uploads\/2025\/08\/heritage-week-2025.png","datePublished":"2025-08-11T16:00:00+00:00","breadcrumb":{"@id":"https:\/\/www.nationalparks.ie\/ga\/glenveagh\/heritage-week-2025\/#breadcrumb"},"inLanguage":"ga-IE","potentialAction":[{"@type":"ReadAction","target":["https:\/\/www.nationalparks.ie\/ga\/glenveagh\/heritage-week-2025\/"]}]},{"@type":"ImageObject","inLanguage":"ga-IE","@id":"https:\/\/www.nationalparks.ie\/ga\/glenveagh\/heritage-week-2025\/#primaryimage","url":"https:\/\/www.nationalparks.ie\/app\/uploads\/2025\/08\/heritage-week-2025.png","contentUrl":"https:\/\/www.nationalparks.ie\/app\/uploads\/2025\/08\/heritage-week-2025.png","width":1080,"height":1080,"caption":"Heritage Week 2025"},{"@type":"BreadcrumbList","@id":"https:\/\/www.nationalparks.ie\/ga\/glenveagh\/heritage-week-2025\/#breadcrumb","itemListElement":[{"@type":"ListItem","position":1,"name":"Home","item":"https:\/\/www.nationalparks.ie\/ga\/"},{"@type":"ListItem","position":2,"name":"Heritage Week 2025"}]},{"@type":"WebSite","@id":"https:\/\/www.nationalparks.ie\/ga\/#website","url":"https:\/\/www.nationalparks.ie\/ga\/","name":"National Parks of Ireland","description":"Where Nature Speaks","publisher":{"@id":"https:\/\/www.nationalparks.ie\/ga\/#organization"},"potentialAction":[{"@type":"SearchAction","target":{"@type":"EntryPoint","urlTemplate":"https:\/\/www.nationalparks.ie\/ga\/?s={search_term_string}"},"query-input":{"@type":"PropertyValueSpecification","valueRequired":true,"valueName":"search_term_string"}}],"inLanguage":"ga-IE"},{"@type":"Organization","@id":"https:\/\/www.nationalparks.ie\/ga\/#organization","name":"National Parks of Ireland","url":"https:\/\/www.nationalparks.ie\/ga\/","logo":{"@type":"ImageObject","inLanguage":"ga-IE","@id":"https:\/\/www.nationalparks.ie\/ga\/#\/schema\/logo\/image\/","url":"https:\/\/www.nationalparks.ie\/app\/uploads\/2022\/02\/np-logo-icon.png","contentUrl":"https:\/\/www.nationalparks.ie\/app\/uploads\/2022\/02\/np-logo-icon.png","width":97,"height":90,"caption":"National Parks of Ireland"},"image":{"@id":"https:\/\/www.nationalparks.ie\/ga\/#\/schema\/logo\/image\/"}},{"@type":"Person","@id":"https:\/\/www.nationalparks.ie\/ga\/#\/schema\/person\/6af3b5209adea752c4dc861102ce2d5c","name":"Bobby Lockwood"}]}},"spectra_custom_meta":{"_edit_lock":["1754901893:11"],"_wpml_word_count":["598"],"_wpml_location_migration_done":["1"],"_thumbnail_id":["25651"],"_edit_last":["11"],"cmplz_hide_cookiebanner":[""],"_wpml_media_duplicate":["1"],"_wpml_media_featured":["1"],"_yoast_wpseo_primary_category":["16"],"_yoast_wpseo_content_score":["90"],"_yoast_wpseo_estimated-reading-time-minutes":["3"],"_uag_css_file_name":["uag-css-25650.css"],"_uagb_previous_block_counts":["a:90:{s:21:\"uagb\/advanced-heading\";i:0;s:15:\"uagb\/blockquote\";i:0;s:12:\"uagb\/buttons\";i:0;s:18:\"uagb\/buttons-child\";i:0;s:19:\"uagb\/call-to-action\";i:0;s:15:\"uagb\/cf7-styler\";i:0;s:11:\"uagb\/column\";i:0;s:12:\"uagb\/columns\";i:0;s:14:\"uagb\/container\";i:0;s:21:\"uagb\/content-timeline\";i:0;s:27:\"uagb\/content-timeline-child\";i:0;s:14:\"uagb\/countdown\";i:0;s:12:\"uagb\/counter\";i:0;s:8:\"uagb\/faq\";i:0;s:14:\"uagb\/faq-child\";i:0;s:10:\"uagb\/forms\";i:0;s:17:\"uagb\/forms-accept\";i:0;s:19:\"uagb\/forms-checkbox\";i:0;s:15:\"uagb\/forms-date\";i:0;s:16:\"uagb\/forms-email\";i:0;s:17:\"uagb\/forms-hidden\";i:0;s:15:\"uagb\/forms-name\";i:0;s:16:\"uagb\/forms-phone\";i:0;s:16:\"uagb\/forms-radio\";i:0;s:17:\"uagb\/forms-select\";i:0;s:19:\"uagb\/forms-textarea\";i:0;s:17:\"uagb\/forms-toggle\";i:0;s:14:\"uagb\/forms-url\";i:0;s:14:\"uagb\/gf-styler\";i:0;s:15:\"uagb\/google-map\";i:0;s:11:\"uagb\/how-to\";i:0;s:16:\"uagb\/how-to-step\";i:0;s:9:\"uagb\/icon\";i:0;s:14:\"uagb\/icon-list\";i:0;s:20:\"uagb\/icon-list-child\";i:0;s:10:\"uagb\/image\";i:0;s:18:\"uagb\/image-gallery\";i:0;s:13:\"uagb\/info-box\";i:0;s:18:\"uagb\/inline-notice\";i:0;s:11:\"uagb\/lottie\";i:0;s:21:\"uagb\/marketing-button\";i:0;s:10:\"uagb\/modal\";i:0;s:18:\"uagb\/popup-builder\";i:0;s:16:\"uagb\/post-button\";i:0;s:18:\"uagb\/post-carousel\";i:0;s:17:\"uagb\/post-excerpt\";i:0;s:14:\"uagb\/post-grid\";i:0;s:15:\"uagb\/post-image\";i:0;s:17:\"uagb\/post-masonry\";i:0;s:14:\"uagb\/post-meta\";i:0;s:18:\"uagb\/post-taxonomy\";i:0;s:18:\"uagb\/post-timeline\";i:0;s:15:\"uagb\/post-title\";i:0;s:20:\"uagb\/restaurant-menu\";i:0;s:26:\"uagb\/restaurant-menu-child\";i:0;s:11:\"uagb\/review\";i:0;s:12:\"uagb\/section\";i:0;s:14:\"uagb\/separator\";i:0;s:11:\"uagb\/slider\";i:0;s:17:\"uagb\/slider-child\";i:0;s:17:\"uagb\/social-share\";i:0;s:23:\"uagb\/social-share-child\";i:0;s:16:\"uagb\/star-rating\";i:0;s:23:\"uagb\/sure-cart-checkout\";i:0;s:22:\"uagb\/sure-cart-product\";i:0;s:15:\"uagb\/sure-forms\";i:0;s:22:\"uagb\/table-of-contents\";i:0;s:9:\"uagb\/tabs\";i:0;s:15:\"uagb\/tabs-child\";i:0;s:18:\"uagb\/taxonomy-list\";i:0;s:9:\"uagb\/team\";i:0;s:16:\"uagb\/testimonial\";i:0;s:14:\"uagb\/wp-search\";i:0;s:19:\"uagb\/instagram-feed\";i:0;s:10:\"uagb\/login\";i:0;s:17:\"uagb\/loop-builder\";i:0;s:18:\"uagb\/loop-category\";i:0;s:20:\"uagb\/loop-pagination\";i:0;s:15:\"uagb\/loop-reset\";i:0;s:16:\"uagb\/loop-search\";i:0;s:14:\"uagb\/loop-sort\";i:0;s:17:\"uagb\/loop-wrapper\";i:0;s:13:\"uagb\/register\";i:0;s:19:\"uagb\/register-email\";i:0;s:24:\"uagb\/register-first-name\";i:0;s:23:\"uagb\/register-last-name\";i:0;s:22:\"uagb\/register-password\";i:0;s:30:\"uagb\/register-reenter-password\";i:0;s:19:\"uagb\/register-terms\";i:0;s:22:\"uagb\/register-username\";i:0;}"],"_uag_page_assets":["a:9:{s:3:\"css\";s:260:\".uag-blocks-common-selector{z-index:var(--z-index-desktop) !important}@media(max-width: 976px){.uag-blocks-common-selector{z-index:var(--z-index-tablet) !important}}@media(max-width: 767px){.uag-blocks-common-selector{z-index:var(--z-index-mobile) !important}}\";s:2:\"js\";s:0:\"\";s:18:\"current_block_list\";a:9:{i:0;s:14:\"core\/paragraph\";i:1;s:12:\"core\/heading\";i:2;s:14:\"core\/separator\";i:3;s:11:\"core\/search\";i:4;s:10:\"core\/group\";i:5;s:17:\"core\/latest-posts\";i:6;s:20:\"core\/latest-comments\";i:7;s:13:\"core\/archives\";i:8;s:15:\"core\/categories\";}s:8:\"uag_flag\";b:0;s:11:\"uag_version\";s:10:\"1777655412\";s:6:\"gfonts\";a:0:{}s:10:\"gfonts_url\";s:0:\"\";s:12:\"gfonts_files\";a:0:{}s:14:\"uag_faq_layout\";b:0;}"]},"uagb_featured_image_src":{"full":["https:\/\/www.nationalparks.ie\/app\/uploads\/2025\/08\/heritage-week-2025.png",1080,1080,false],"thumbnail":["https:\/\/www.nationalparks.ie\/app\/uploads\/2025\/08\/heritage-week-2025-150x150.png",150,150,true],"medium":["https:\/\/www.nationalparks.ie\/app\/uploads\/2025\/08\/heritage-week-2025-300x300.png",300,300,true],"medium_large":["https:\/\/www.nationalparks.ie\/app\/uploads\/2025\/08\/heritage-week-2025-768x768.png",768,768,true],"large":["https:\/\/www.nationalparks.ie\/app\/uploads\/2025\/08\/heritage-week-2025-1024x1024.png",1024,1024,true],"1536x1536":["https:\/\/www.nationalparks.ie\/app\/uploads\/2025\/08\/heritage-week-2025.png",1080,1080,false],"2048x2048":["https:\/\/www.nationalparks.ie\/app\/uploads\/2025\/08\/heritage-week-2025.png",1080,1080,false],"gform-image-choice-sm":["https:\/\/www.nationalparks.ie\/app\/uploads\/2025\/08\/heritage-week-2025.png",300,300,false],"gform-image-choice-md":["https:\/\/www.nationalparks.ie\/app\/uploads\/2025\/08\/heritage-week-2025.png",400,400,false],"gform-image-choice-lg":["https:\/\/www.nationalparks.ie\/app\/uploads\/2025\/08\/heritage-week-2025.png",600,600,false]},"uagb_author_info":{"display_name":"Bobby Lockwood","author_link":"https:\/\/www.nationalparks.ie\/ga\/author\/bobby\/"},"uagb_comment_info":0,"uagb_excerpt":"To celebrate Heritage Week 2025 we have a series of fascinating and fun activities lined up for your enjoyment.","_links":{"self":[{"href":"https:\/\/www.nationalparks.ie\/ga\/wp-json\/wp\/v2\/posts\/25650","targetHints":{"allow":["GET"]}}],"collection":[{"href":"https:\/\/www.nationalparks.ie\/ga\/wp-json\/wp\/v2\/posts"}],"about":[{"href":"https:\/\/www.nationalparks.ie\/ga\/wp-json\/wp\/v2\/types\/post"}],"author":[{"embeddable":true,"href":"https:\/\/www.nationalparks.ie\/ga\/wp-json\/wp\/v2\/users\/11"}],"replies":[{"embeddable":true,"href":"https:\/\/www.nationalparks.ie\/ga\/wp-json\/wp\/v2\/comments?post=25650"}],"version-history":[{"count":3,"href":"https:\/\/www.nationalparks.ie\/ga\/wp-json\/wp\/v2\/posts\/25650\/revisions"}],"predecessor-version":[{"id":25656,"href":"https:\/\/www.nationalparks.ie\/ga\/wp-json\/wp\/v2\/posts\/25650\/revisions\/25656"}],"wp:featuredmedia":[{"embeddable":true,"href":"https:\/\/www.nationalparks.ie\/ga\/wp-json\/wp\/v2\/media\/25651"}],"wp:attachment":[{"href":"https:\/\/www.nationalparks.ie\/ga\/wp-json\/wp\/v2\/media?parent=25650"}],"wp:term":[{"taxonomy":"category","embeddable":true,"href":"https:\/\/www.nationalparks.ie\/ga\/wp-json\/wp\/v2\/categories?post=25650"},{"taxonomy":"post_tag","embeddable":true,"href":"https:\/\/www.nationalparks.ie\/ga\/wp-json\/wp\/v2\/tags?post=25650"}],"curies":[{"name":"wp","href":"https:\/\/api.w.org\/{rel}","templated":true}]}}