{"id":27826,"date":"2026-04-22T09:36:24","date_gmt":"2026-04-22T08:36:24","guid":{"rendered":"https:\/\/www.nationalparks.ie\/?p=27826"},"modified":"2026-04-22T09:36:28","modified_gmt":"2026-04-22T08:36:28","slug":"mayo-dark-sky-birthday-celerbrations","status":"publish","type":"post","link":"https:\/\/www.nationalparks.ie\/ga\/wild-nephin\/mayo-dark-sky-birthday-celerbrations\/","title":{"rendered":"Mayo Dark Sky Birthday Celerbrations"},"content":{"rendered":"\n<p>Don&#8217;t Forget! <img loading=\"lazy\" decoding=\"async\" height=\"16\" width=\"16\" alt=\"\u26a0\ufe0f\" src=\"https:\/\/static.xx.fbcdn.net\/images\/emoji.php\/v9\/tdc\/1\/16\/26a0.png\"><\/p>\n\n\n\n<p><img loading=\"lazy\" decoding=\"async\" height=\"16\" width=\"16\" alt=\"\ud83c\udf89\" src=\"https:\/\/static.xx.fbcdn.net\/images\/emoji.php\/v9\/t8c\/1\/16\/1f389.png\">It&#8217;s our birthday!<img loading=\"lazy\" decoding=\"async\" height=\"16\" width=\"16\" alt=\"\ud83c\udf82\" src=\"https:\/\/static.xx.fbcdn.net\/images\/emoji.php\/v9\/t5\/1\/16\/1f382.png\"><img loading=\"lazy\" decoding=\"async\" height=\"16\" width=\"16\" alt=\"\ud83c\udf8a\" src=\"https:\/\/static.xx.fbcdn.net\/images\/emoji.php\/v9\/tb4\/1\/16\/1f38a.png\"><\/p>\n\n\n\n<p>In May 2016, a Gold Tier <img loading=\"lazy\" decoding=\"async\" height=\"16\" width=\"16\" alt=\"\ud83e\udd47\" src=\"https:\/\/static.xx.fbcdn.net\/images\/emoji.php\/v9\/t94\/1\/16\/1f947.png\"> standard of International Dark Sky Park was awarded to Mayo Dark Sky Park at <a href=\"https:\/\/www.facebook.com\/WildNephinNationalPark?__cft__[0]=AZa3NxA0T5DV1YZ07vJJI9xjqG1723t1pBBsFbNOAiTQfxDg6rYYormGLY0qfOyK8o_4B9lQBHXVU3r2Ozzhx3RpMx7vxSAw9rEHX0zmfe5g5xpnh5Qmi2nMDh6Iqlm1XwfJr_G2l5VU6V8fjLlC-OQO&amp;__tn__=-]K-R\">Wild Nephin National Park &#8211; P\u00e1irc N\u00e1isi\u00fanta N\u00e9ifinne Fi\u00e1ine<\/a><\/p>\n\n\n\n<p>Kicking off on Saturday the 2nd of May and running throughout the entire weekend, Mayo Dark Skies are celebrating in style throughout!<\/p>\n\n\n\n<p>Details for the events are below and the link for Dr. Niamh Shaw&#8217;s talk is here!<\/p>\n\n\n\n<p><img loading=\"lazy\" decoding=\"async\" height=\"16\" width=\"16\" alt=\"\ud83c\udf9f\ufe0f\" src=\"https:\/\/static.xx.fbcdn.net\/images\/emoji.php\/v9\/td8\/1\/16\/1f39f.png\"><a href=\"https:\/\/www.eventbrite.ie\/e\/dr-niamh-shaws-reflections-on-artemis-ii-presented-by-mayo-dark-skies-tickets-1986076422042?utm_id=97758_v0_s00_e0_tv2_a1demo0dnvjbui&amp;fbclid=IwZXh0bgNhZW0CMTAAYnJpZBEwR0k0ZUtSTnRhQWtRQllBdnNydGMGYXBwX2lkEDIyMjAzOTE3ODgyMDA4OTIAAR4662URibHj5cNdrZbAaOpDY93ztQCIA9j-ValLHo-Rn16Jjwo-fV9fPo_dxg_aem_erfOZRBz7wVRiWxfSepoMA\" rel=\"noreferrer noopener\" target=\"_blank\">http:\/\/www.eventbrite.ie\/&#8230;\/dr-niamh-shaws-reflections&#8230;<\/a><\/p>\n\n\n\n<p>We hope you can come and join in on all the celebrations! <img loading=\"lazy\" decoding=\"async\" height=\"16\" width=\"16\" alt=\"\ud83e\udd73\" src=\"https:\/\/static.xx.fbcdn.net\/images\/emoji.php\/v9\/t6d\/1\/16\/1f973.png\"><\/p>\n\n\n\n<p><\/p>\n","protected":false},"excerpt":{"rendered":"<p>Don&#8217;t Forget! It&#8217;s our birthday! In May 2016, a Gold Tier standard of International Dark Sky Park was awarded to Mayo Dark Sky Park at Wild Nephin National Park &#8211; P\u00e1irc N\u00e1isi\u00fanta N\u00e9ifinne Fi\u00e1ine Kicking off on Saturday the 2nd of May and running throughout the entire weekend, Mayo Dark Skies are celebrating in style<\/p>\n","protected":false},"author":34,"featured_media":27827,"comment_status":"closed","ping_status":"closed","sticky":false,"template":"","format":"standard","meta":{"_acf_changed":false,"_uag_custom_page_level_css":"","footnotes":""},"categories":[15],"tags":[],"class_list":["post-27826","post","type-post","status-publish","format-standard","has-post-thumbnail","hentry","category-wild-nephin"],"acf":[],"yoast_head":"<!-- This site is optimized with the Yoast SEO plugin v27.4 - https:\/\/yoast.com\/product\/yoast-seo-wordpress\/ -->\n<title>Mayo Dark Sky Birthday Celerbrations - National Parks of Ireland<\/title>\n<meta name=\"robots\" content=\"index, follow, max-snippet:-1, max-image-preview:large, max-video-preview:-1\" \/>\n<link rel=\"canonical\" href=\"https:\/\/www.nationalparks.ie\/ga\/wild-nephin\/mayo-dark-sky-birthday-celerbrations\/\" \/>\n<meta property=\"og:locale\" content=\"ga_IE\" \/>\n<meta property=\"og:type\" content=\"article\" \/>\n<meta property=\"og:title\" content=\"Mayo Dark Sky Birthday Celerbrations - National Parks of Ireland\" \/>\n<meta property=\"og:description\" content=\"Don&#8217;t Forget! It&#8217;s our birthday! In May 2016, a Gold Tier standard of International Dark Sky Park was awarded to Mayo Dark Sky Park at Wild Nephin National Park &#8211; P\u00e1irc N\u00e1isi\u00fanta N\u00e9ifinne Fi\u00e1ine Kicking off on Saturday the 2nd of May and running throughout the entire weekend, Mayo Dark Skies are celebrating in style\" \/>\n<meta property=\"og:url\" content=\"https:\/\/www.nationalparks.ie\/ga\/wild-nephin\/mayo-dark-sky-birthday-celerbrations\/\" \/>\n<meta property=\"og:site_name\" content=\"National Parks of Ireland\" \/>\n<meta property=\"article:published_time\" content=\"2026-04-22T08:36:24+00:00\" \/>\n<meta property=\"article:modified_time\" content=\"2026-04-22T08:36:28+00:00\" \/>\n<meta property=\"og:image\" content=\"https:\/\/www.nationalparks.ie\/app\/uploads\/2026\/04\/dark-sky-cinema.jpg\" \/>\n\t<meta property=\"og:image:width\" content=\"1080\" \/>\n\t<meta property=\"og:image:height\" content=\"1350\" \/>\n\t<meta property=\"og:image:type\" content=\"image\/jpeg\" \/>\n<meta name=\"author\" content=\"Michael Chambers\" \/>\n<meta name=\"twitter:card\" content=\"summary_large_image\" \/>\n<meta name=\"twitter:label1\" content=\"Written by\" \/>\n\t<meta name=\"twitter:data1\" content=\"Michael Chambers\" \/>\n\t<meta name=\"twitter:label2\" content=\"Est. reading time\" \/>\n\t<meta name=\"twitter:data2\" content=\"2 minutes\" \/>\n<script type=\"application\/ld+json\" class=\"yoast-schema-graph\">{\"@context\":\"https:\\\/\\\/schema.org\",\"@graph\":[{\"@type\":\"Article\",\"@id\":\"https:\\\/\\\/www.nationalparks.ie\\\/ga\\\/wild-nephin\\\/mayo-dark-sky-birthday-celerbrations\\\/#article\",\"isPartOf\":{\"@id\":\"https:\\\/\\\/www.nationalparks.ie\\\/ga\\\/wild-nephin\\\/mayo-dark-sky-birthday-celerbrations\\\/\"},\"author\":{\"name\":\"Michael Chambers\",\"@id\":\"https:\\\/\\\/www.nationalparks.ie\\\/ga\\\/#\\\/schema\\\/person\\\/37aa8d9a563a6c83d761cd07c88a2e11\"},\"headline\":\"Mayo Dark Sky Birthday Celerbrations\",\"datePublished\":\"2026-04-22T08:36:24+00:00\",\"dateModified\":\"2026-04-22T08:36:28+00:00\",\"mainEntityOfPage\":{\"@id\":\"https:\\\/\\\/www.nationalparks.ie\\\/ga\\\/wild-nephin\\\/mayo-dark-sky-birthday-celerbrations\\\/\"},\"wordCount\":101,\"publisher\":{\"@id\":\"https:\\\/\\\/www.nationalparks.ie\\\/ga\\\/#organization\"},\"image\":{\"@id\":\"https:\\\/\\\/www.nationalparks.ie\\\/ga\\\/wild-nephin\\\/mayo-dark-sky-birthday-celerbrations\\\/#primaryimage\"},\"thumbnailUrl\":\"https:\\\/\\\/www.nationalparks.ie\\\/app\\\/uploads\\\/2026\\\/04\\\/dark-sky-cinema.jpg\",\"articleSection\":[\"Wild Nephin National Park\"],\"inLanguage\":\"ga-IE\"},{\"@type\":\"WebPage\",\"@id\":\"https:\\\/\\\/www.nationalparks.ie\\\/ga\\\/wild-nephin\\\/mayo-dark-sky-birthday-celerbrations\\\/\",\"url\":\"https:\\\/\\\/www.nationalparks.ie\\\/ga\\\/wild-nephin\\\/mayo-dark-sky-birthday-celerbrations\\\/\",\"name\":\"Mayo Dark Sky Birthday Celerbrations - National Parks of Ireland\",\"isPartOf\":{\"@id\":\"https:\\\/\\\/www.nationalparks.ie\\\/ga\\\/#website\"},\"primaryImageOfPage\":{\"@id\":\"https:\\\/\\\/www.nationalparks.ie\\\/ga\\\/wild-nephin\\\/mayo-dark-sky-birthday-celerbrations\\\/#primaryimage\"},\"image\":{\"@id\":\"https:\\\/\\\/www.nationalparks.ie\\\/ga\\\/wild-nephin\\\/mayo-dark-sky-birthday-celerbrations\\\/#primaryimage\"},\"thumbnailUrl\":\"https:\\\/\\\/www.nationalparks.ie\\\/app\\\/uploads\\\/2026\\\/04\\\/dark-sky-cinema.jpg\",\"datePublished\":\"2026-04-22T08:36:24+00:00\",\"dateModified\":\"2026-04-22T08:36:28+00:00\",\"breadcrumb\":{\"@id\":\"https:\\\/\\\/www.nationalparks.ie\\\/ga\\\/wild-nephin\\\/mayo-dark-sky-birthday-celerbrations\\\/#breadcrumb\"},\"inLanguage\":\"ga-IE\",\"potentialAction\":[{\"@type\":\"ReadAction\",\"target\":[\"https:\\\/\\\/www.nationalparks.ie\\\/ga\\\/wild-nephin\\\/mayo-dark-sky-birthday-celerbrations\\\/\"]}]},{\"@type\":\"ImageObject\",\"inLanguage\":\"ga-IE\",\"@id\":\"https:\\\/\\\/www.nationalparks.ie\\\/ga\\\/wild-nephin\\\/mayo-dark-sky-birthday-celerbrations\\\/#primaryimage\",\"url\":\"https:\\\/\\\/www.nationalparks.ie\\\/app\\\/uploads\\\/2026\\\/04\\\/dark-sky-cinema.jpg\",\"contentUrl\":\"https:\\\/\\\/www.nationalparks.ie\\\/app\\\/uploads\\\/2026\\\/04\\\/dark-sky-cinema.jpg\",\"width\":1080,\"height\":1350},{\"@type\":\"BreadcrumbList\",\"@id\":\"https:\\\/\\\/www.nationalparks.ie\\\/ga\\\/wild-nephin\\\/mayo-dark-sky-birthday-celerbrations\\\/#breadcrumb\",\"itemListElement\":[{\"@type\":\"ListItem\",\"position\":1,\"name\":\"Home\",\"item\":\"https:\\\/\\\/www.nationalparks.ie\\\/ga\\\/\"},{\"@type\":\"ListItem\",\"position\":2,\"name\":\"Mayo Dark Sky Birthday Celerbrations\"}]},{\"@type\":\"WebSite\",\"@id\":\"https:\\\/\\\/www.nationalparks.ie\\\/ga\\\/#website\",\"url\":\"https:\\\/\\\/www.nationalparks.ie\\\/ga\\\/\",\"name\":\"National Parks of Ireland\",\"description\":\"Where Nature Speaks\",\"publisher\":{\"@id\":\"https:\\\/\\\/www.nationalparks.ie\\\/ga\\\/#organization\"},\"potentialAction\":[{\"@type\":\"SearchAction\",\"target\":{\"@type\":\"EntryPoint\",\"urlTemplate\":\"https:\\\/\\\/www.nationalparks.ie\\\/ga\\\/?s={search_term_string}\"},\"query-input\":{\"@type\":\"PropertyValueSpecification\",\"valueRequired\":true,\"valueName\":\"search_term_string\"}}],\"inLanguage\":\"ga-IE\"},{\"@type\":\"Organization\",\"@id\":\"https:\\\/\\\/www.nationalparks.ie\\\/ga\\\/#organization\",\"name\":\"National Parks of Ireland\",\"url\":\"https:\\\/\\\/www.nationalparks.ie\\\/ga\\\/\",\"logo\":{\"@type\":\"ImageObject\",\"inLanguage\":\"ga-IE\",\"@id\":\"https:\\\/\\\/www.nationalparks.ie\\\/ga\\\/#\\\/schema\\\/logo\\\/image\\\/\",\"url\":\"https:\\\/\\\/www.nationalparks.ie\\\/app\\\/uploads\\\/2022\\\/02\\\/np-logo-icon.png\",\"contentUrl\":\"https:\\\/\\\/www.nationalparks.ie\\\/app\\\/uploads\\\/2022\\\/02\\\/np-logo-icon.png\",\"width\":97,\"height\":90,\"caption\":\"National Parks of Ireland\"},\"image\":{\"@id\":\"https:\\\/\\\/www.nationalparks.ie\\\/ga\\\/#\\\/schema\\\/logo\\\/image\\\/\"}},{\"@type\":\"Person\",\"@id\":\"https:\\\/\\\/www.nationalparks.ie\\\/ga\\\/#\\\/schema\\\/person\\\/37aa8d9a563a6c83d761cd07c88a2e11\",\"name\":\"Michael Chambers\"}]}<\/script>\n<!-- \/ Yoast SEO plugin. -->","yoast_head_json":{"title":"Mayo Dark Sky Birthday Celerbrations - National Parks of Ireland","robots":{"index":"index","follow":"follow","max-snippet":"max-snippet:-1","max-image-preview":"max-image-preview:large","max-video-preview":"max-video-preview:-1"},"canonical":"https:\/\/www.nationalparks.ie\/ga\/wild-nephin\/mayo-dark-sky-birthday-celerbrations\/","og_locale":"ga_IE","og_type":"article","og_title":"Mayo Dark Sky Birthday Celerbrations - National Parks of Ireland","og_description":"Don&#8217;t Forget! It&#8217;s our birthday! In May 2016, a Gold Tier standard of International Dark Sky Park was awarded to Mayo Dark Sky Park at Wild Nephin National Park &#8211; P\u00e1irc N\u00e1isi\u00fanta N\u00e9ifinne Fi\u00e1ine Kicking off on Saturday the 2nd of May and running throughout the entire weekend, Mayo Dark Skies are celebrating in style","og_url":"https:\/\/www.nationalparks.ie\/ga\/wild-nephin\/mayo-dark-sky-birthday-celerbrations\/","og_site_name":"National Parks of Ireland","article_published_time":"2026-04-22T08:36:24+00:00","article_modified_time":"2026-04-22T08:36:28+00:00","og_image":[{"width":1080,"height":1350,"url":"https:\/\/www.nationalparks.ie\/app\/uploads\/2026\/04\/dark-sky-cinema.jpg","type":"image\/jpeg"}],"author":"Michael Chambers","twitter_card":"summary_large_image","twitter_misc":{"Written by":"Michael Chambers","Est. reading time":"2 minutes"},"schema":{"@context":"https:\/\/schema.org","@graph":[{"@type":"Article","@id":"https:\/\/www.nationalparks.ie\/ga\/wild-nephin\/mayo-dark-sky-birthday-celerbrations\/#article","isPartOf":{"@id":"https:\/\/www.nationalparks.ie\/ga\/wild-nephin\/mayo-dark-sky-birthday-celerbrations\/"},"author":{"name":"Michael Chambers","@id":"https:\/\/www.nationalparks.ie\/ga\/#\/schema\/person\/37aa8d9a563a6c83d761cd07c88a2e11"},"headline":"Mayo Dark Sky Birthday Celerbrations","datePublished":"2026-04-22T08:36:24+00:00","dateModified":"2026-04-22T08:36:28+00:00","mainEntityOfPage":{"@id":"https:\/\/www.nationalparks.ie\/ga\/wild-nephin\/mayo-dark-sky-birthday-celerbrations\/"},"wordCount":101,"publisher":{"@id":"https:\/\/www.nationalparks.ie\/ga\/#organization"},"image":{"@id":"https:\/\/www.nationalparks.ie\/ga\/wild-nephin\/mayo-dark-sky-birthday-celerbrations\/#primaryimage"},"thumbnailUrl":"https:\/\/www.nationalparks.ie\/app\/uploads\/2026\/04\/dark-sky-cinema.jpg","articleSection":["Wild Nephin National Park"],"inLanguage":"ga-IE"},{"@type":"WebPage","@id":"https:\/\/www.nationalparks.ie\/ga\/wild-nephin\/mayo-dark-sky-birthday-celerbrations\/","url":"https:\/\/www.nationalparks.ie\/ga\/wild-nephin\/mayo-dark-sky-birthday-celerbrations\/","name":"Mayo Dark Sky Birthday Celerbrations - National Parks of Ireland","isPartOf":{"@id":"https:\/\/www.nationalparks.ie\/ga\/#website"},"primaryImageOfPage":{"@id":"https:\/\/www.nationalparks.ie\/ga\/wild-nephin\/mayo-dark-sky-birthday-celerbrations\/#primaryimage"},"image":{"@id":"https:\/\/www.nationalparks.ie\/ga\/wild-nephin\/mayo-dark-sky-birthday-celerbrations\/#primaryimage"},"thumbnailUrl":"https:\/\/www.nationalparks.ie\/app\/uploads\/2026\/04\/dark-sky-cinema.jpg","datePublished":"2026-04-22T08:36:24+00:00","dateModified":"2026-04-22T08:36:28+00:00","breadcrumb":{"@id":"https:\/\/www.nationalparks.ie\/ga\/wild-nephin\/mayo-dark-sky-birthday-celerbrations\/#breadcrumb"},"inLanguage":"ga-IE","potentialAction":[{"@type":"ReadAction","target":["https:\/\/www.nationalparks.ie\/ga\/wild-nephin\/mayo-dark-sky-birthday-celerbrations\/"]}]},{"@type":"ImageObject","inLanguage":"ga-IE","@id":"https:\/\/www.nationalparks.ie\/ga\/wild-nephin\/mayo-dark-sky-birthday-celerbrations\/#primaryimage","url":"https:\/\/www.nationalparks.ie\/app\/uploads\/2026\/04\/dark-sky-cinema.jpg","contentUrl":"https:\/\/www.nationalparks.ie\/app\/uploads\/2026\/04\/dark-sky-cinema.jpg","width":1080,"height":1350},{"@type":"BreadcrumbList","@id":"https:\/\/www.nationalparks.ie\/ga\/wild-nephin\/mayo-dark-sky-birthday-celerbrations\/#breadcrumb","itemListElement":[{"@type":"ListItem","position":1,"name":"Home","item":"https:\/\/www.nationalparks.ie\/ga\/"},{"@type":"ListItem","position":2,"name":"Mayo Dark Sky Birthday Celerbrations"}]},{"@type":"WebSite","@id":"https:\/\/www.nationalparks.ie\/ga\/#website","url":"https:\/\/www.nationalparks.ie\/ga\/","name":"National Parks of Ireland","description":"Where Nature Speaks","publisher":{"@id":"https:\/\/www.nationalparks.ie\/ga\/#organization"},"potentialAction":[{"@type":"SearchAction","target":{"@type":"EntryPoint","urlTemplate":"https:\/\/www.nationalparks.ie\/ga\/?s={search_term_string}"},"query-input":{"@type":"PropertyValueSpecification","valueRequired":true,"valueName":"search_term_string"}}],"inLanguage":"ga-IE"},{"@type":"Organization","@id":"https:\/\/www.nationalparks.ie\/ga\/#organization","name":"National Parks of Ireland","url":"https:\/\/www.nationalparks.ie\/ga\/","logo":{"@type":"ImageObject","inLanguage":"ga-IE","@id":"https:\/\/www.nationalparks.ie\/ga\/#\/schema\/logo\/image\/","url":"https:\/\/www.nationalparks.ie\/app\/uploads\/2022\/02\/np-logo-icon.png","contentUrl":"https:\/\/www.nationalparks.ie\/app\/uploads\/2022\/02\/np-logo-icon.png","width":97,"height":90,"caption":"National Parks of Ireland"},"image":{"@id":"https:\/\/www.nationalparks.ie\/ga\/#\/schema\/logo\/image\/"}},{"@type":"Person","@id":"https:\/\/www.nationalparks.ie\/ga\/#\/schema\/person\/37aa8d9a563a6c83d761cd07c88a2e11","name":"Michael Chambers"}]}},"spectra_custom_meta":{"_edit_lock":["1776847285:34"],"_wpml_word_count":["95"],"_wpml_location_migration_done":["1"],"_thumbnail_id":["27827"],"_edit_last":["34"],"_wpa_content_summary":[""],"_wpml_media_duplicate":["1"],"_wpml_media_featured":["1"],"_yoast_wpseo_primary_category":["15"],"_yoast_wpseo_content_score":["90"],"_yoast_wpseo_estimated-reading-time-minutes":["2"],"_uag_css_file_name":["uag-css-27826.css"],"_uagb_previous_block_counts":["a:90:{s:21:\"uagb\/advanced-heading\";i:0;s:15:\"uagb\/blockquote\";i:0;s:12:\"uagb\/buttons\";i:0;s:18:\"uagb\/buttons-child\";i:0;s:19:\"uagb\/call-to-action\";i:0;s:15:\"uagb\/cf7-styler\";i:0;s:11:\"uagb\/column\";i:0;s:12:\"uagb\/columns\";i:0;s:14:\"uagb\/container\";i:0;s:21:\"uagb\/content-timeline\";i:0;s:27:\"uagb\/content-timeline-child\";i:0;s:14:\"uagb\/countdown\";i:0;s:12:\"uagb\/counter\";i:0;s:8:\"uagb\/faq\";i:0;s:14:\"uagb\/faq-child\";i:0;s:10:\"uagb\/forms\";i:0;s:17:\"uagb\/forms-accept\";i:0;s:19:\"uagb\/forms-checkbox\";i:0;s:15:\"uagb\/forms-date\";i:0;s:16:\"uagb\/forms-email\";i:0;s:17:\"uagb\/forms-hidden\";i:0;s:15:\"uagb\/forms-name\";i:0;s:16:\"uagb\/forms-phone\";i:0;s:16:\"uagb\/forms-radio\";i:0;s:17:\"uagb\/forms-select\";i:0;s:19:\"uagb\/forms-textarea\";i:0;s:17:\"uagb\/forms-toggle\";i:0;s:14:\"uagb\/forms-url\";i:0;s:14:\"uagb\/gf-styler\";i:0;s:15:\"uagb\/google-map\";i:0;s:11:\"uagb\/how-to\";i:0;s:16:\"uagb\/how-to-step\";i:0;s:9:\"uagb\/icon\";i:0;s:14:\"uagb\/icon-list\";i:0;s:20:\"uagb\/icon-list-child\";i:0;s:10:\"uagb\/image\";i:0;s:18:\"uagb\/image-gallery\";i:0;s:13:\"uagb\/info-box\";i:0;s:18:\"uagb\/inline-notice\";i:0;s:11:\"uagb\/lottie\";i:0;s:21:\"uagb\/marketing-button\";i:0;s:10:\"uagb\/modal\";i:0;s:18:\"uagb\/popup-builder\";i:0;s:16:\"uagb\/post-button\";i:0;s:18:\"uagb\/post-carousel\";i:0;s:17:\"uagb\/post-excerpt\";i:0;s:14:\"uagb\/post-grid\";i:0;s:15:\"uagb\/post-image\";i:0;s:17:\"uagb\/post-masonry\";i:0;s:14:\"uagb\/post-meta\";i:0;s:18:\"uagb\/post-taxonomy\";i:0;s:18:\"uagb\/post-timeline\";i:0;s:15:\"uagb\/post-title\";i:0;s:20:\"uagb\/restaurant-menu\";i:0;s:26:\"uagb\/restaurant-menu-child\";i:0;s:11:\"uagb\/review\";i:0;s:12:\"uagb\/section\";i:0;s:14:\"uagb\/separator\";i:0;s:11:\"uagb\/slider\";i:0;s:17:\"uagb\/slider-child\";i:0;s:17:\"uagb\/social-share\";i:0;s:23:\"uagb\/social-share-child\";i:0;s:16:\"uagb\/star-rating\";i:0;s:23:\"uagb\/sure-cart-checkout\";i:0;s:22:\"uagb\/sure-cart-product\";i:0;s:15:\"uagb\/sure-forms\";i:0;s:22:\"uagb\/table-of-contents\";i:0;s:9:\"uagb\/tabs\";i:0;s:15:\"uagb\/tabs-child\";i:0;s:18:\"uagb\/taxonomy-list\";i:0;s:9:\"uagb\/team\";i:0;s:16:\"uagb\/testimonial\";i:0;s:14:\"uagb\/wp-search\";i:0;s:19:\"uagb\/instagram-feed\";i:0;s:10:\"uagb\/login\";i:0;s:17:\"uagb\/loop-builder\";i:0;s:18:\"uagb\/loop-category\";i:0;s:20:\"uagb\/loop-pagination\";i:0;s:15:\"uagb\/loop-reset\";i:0;s:16:\"uagb\/loop-search\";i:0;s:14:\"uagb\/loop-sort\";i:0;s:17:\"uagb\/loop-wrapper\";i:0;s:13:\"uagb\/register\";i:0;s:19:\"uagb\/register-email\";i:0;s:24:\"uagb\/register-first-name\";i:0;s:23:\"uagb\/register-last-name\";i:0;s:22:\"uagb\/register-password\";i:0;s:30:\"uagb\/register-reenter-password\";i:0;s:19:\"uagb\/register-terms\";i:0;s:22:\"uagb\/register-username\";i:0;}"],"_uag_page_assets":["a:9:{s:3:\"css\";s:260:\".uag-blocks-common-selector{z-index:var(--z-index-desktop) !important}@media(max-width: 976px){.uag-blocks-common-selector{z-index:var(--z-index-tablet) !important}}@media(max-width: 767px){.uag-blocks-common-selector{z-index:var(--z-index-mobile) !important}}\";s:2:\"js\";s:0:\"\";s:18:\"current_block_list\";a:8:{i:0;s:14:\"core\/paragraph\";i:1;s:11:\"core\/search\";i:2;s:10:\"core\/group\";i:3;s:12:\"core\/heading\";i:4;s:17:\"core\/latest-posts\";i:5;s:20:\"core\/latest-comments\";i:6;s:13:\"core\/archives\";i:7;s:15:\"core\/categories\";}s:8:\"uag_flag\";b:0;s:11:\"uag_version\";s:10:\"1777157534\";s:6:\"gfonts\";a:0:{}s:10:\"gfonts_url\";s:0:\"\";s:12:\"gfonts_files\";a:0:{}s:14:\"uag_faq_layout\";b:0;}"]},"uagb_featured_image_src":{"full":["https:\/\/www.nationalparks.ie\/app\/uploads\/2026\/04\/dark-sky-cinema.jpg",1080,1350,false],"thumbnail":["https:\/\/www.nationalparks.ie\/app\/uploads\/2026\/04\/dark-sky-cinema-150x150.jpg",150,150,true],"medium":["https:\/\/www.nationalparks.ie\/app\/uploads\/2026\/04\/dark-sky-cinema-240x300.jpg",240,300,true],"medium_large":["https:\/\/www.nationalparks.ie\/app\/uploads\/2026\/04\/dark-sky-cinema-768x960.jpg",768,960,true],"large":["https:\/\/www.nationalparks.ie\/app\/uploads\/2026\/04\/dark-sky-cinema-819x1024.jpg",819,1024,true],"1536x1536":["https:\/\/www.nationalparks.ie\/app\/uploads\/2026\/04\/dark-sky-cinema.jpg",1080,1350,false],"2048x2048":["https:\/\/www.nationalparks.ie\/app\/uploads\/2026\/04\/dark-sky-cinema.jpg",1080,1350,false],"gform-image-choice-sm":["https:\/\/www.nationalparks.ie\/app\/uploads\/2026\/04\/dark-sky-cinema.jpg",240,300,false],"gform-image-choice-md":["https:\/\/www.nationalparks.ie\/app\/uploads\/2026\/04\/dark-sky-cinema.jpg",320,400,false],"gform-image-choice-lg":["https:\/\/www.nationalparks.ie\/app\/uploads\/2026\/04\/dark-sky-cinema.jpg",480,600,false]},"uagb_author_info":{"display_name":"Michael Chambers","author_link":"https:\/\/www.nationalparks.ie\/ga\/author\/michael-chambers\/"},"uagb_comment_info":0,"uagb_excerpt":"Don&#8217;t Forget! It&#8217;s our birthday! In May 2016, a Gold Tier standard of International Dark Sky Park was awarded to Mayo Dark Sky Park at Wild Nephin National Park &#8211; P\u00e1irc N\u00e1isi\u00fanta N\u00e9ifinne Fi\u00e1ine Kicking off on Saturday the 2nd of May and running throughout the entire weekend, Mayo Dark Skies are celebrating in style","_links":{"self":[{"href":"https:\/\/www.nationalparks.ie\/ga\/wp-json\/wp\/v2\/posts\/27826","targetHints":{"allow":["GET"]}}],"collection":[{"href":"https:\/\/www.nationalparks.ie\/ga\/wp-json\/wp\/v2\/posts"}],"about":[{"href":"https:\/\/www.nationalparks.ie\/ga\/wp-json\/wp\/v2\/types\/post"}],"author":[{"embeddable":true,"href":"https:\/\/www.nationalparks.ie\/ga\/wp-json\/wp\/v2\/users\/34"}],"replies":[{"embeddable":true,"href":"https:\/\/www.nationalparks.ie\/ga\/wp-json\/wp\/v2\/comments?post=27826"}],"version-history":[{"count":1,"href":"https:\/\/www.nationalparks.ie\/ga\/wp-json\/wp\/v2\/posts\/27826\/revisions"}],"predecessor-version":[{"id":27829,"href":"https:\/\/www.nationalparks.ie\/ga\/wp-json\/wp\/v2\/posts\/27826\/revisions\/27829"}],"wp:featuredmedia":[{"embeddable":true,"href":"https:\/\/www.nationalparks.ie\/ga\/wp-json\/wp\/v2\/media\/27827"}],"wp:attachment":[{"href":"https:\/\/www.nationalparks.ie\/ga\/wp-json\/wp\/v2\/media?parent=27826"}],"wp:term":[{"taxonomy":"category","embeddable":true,"href":"https:\/\/www.nationalparks.ie\/ga\/wp-json\/wp\/v2\/categories?post=27826"},{"taxonomy":"post_tag","embeddable":true,"href":"https:\/\/www.nationalparks.ie\/ga\/wp-json\/wp\/v2\/tags?post=27826"}],"curies":[{"name":"wp","href":"https:\/\/api.w.org\/{rel}","templated":true}]}}